{"id":2749,"date":"2022-06-06T14:11:26","date_gmt":"2022-06-06T12:11:26","guid":{"rendered":"https:\/\/gastrovalais.ch\/?p=2749"},"modified":"2022-06-06T14:11:27","modified_gmt":"2022-06-06T12:11:27","slug":"semaine-du-gout-genusswoche","status":"publish","type":"post","link":"https:\/\/gastrovalais.ch\/de\/semaine-du-gout-genusswoche\/","title":{"rendered":"Semaine du Go\u00fbt \/ Genusswoche"},"content":{"rendered":"<figure class=\"wp-block-table\"><table><tbody><tr><td class=\"has-text-align-center\" data-align=\"center\">Bonjour \u00e0 tous ! Comme chaque ann\u00e9e, GastroValais est partenaire de la Semaine suisse du Go\u00fbt et vous offre la finance d&rsquo;inscription.<br>Rendez-vous sur <a href=\"https:\/\/gastrovalais.us10.list-manage.com\/track\/click?u=80462bc6cb4f9a85bc373d46d&amp;id=4ff62bcc32&amp;e=3602ff58ea\" target=\"_blank\" rel=\"noreferrer noopener\">ce lien<\/a> et inscrivez-vous en direct pour l&rsquo;\u00e9v\u00e9nement que vous souhaitez mettre sur pied.&nbsp; Vous pouvez \u00e9galement reprendre le Plat de chez Nous<br>propos\u00e9 en janvier par GastroValais<br>&nbsp;&nbsp;<a href=\"https:\/\/gastrovalais.us10.list-manage.com\/track\/click?u=80462bc6cb4f9a85bc373d46d&amp;id=774693279a&amp;e=3602ff58ea\" target=\"_blank\" rel=\"noreferrer noopener\">Les filets de perches au vin blanc<\/a><br>Garanti par une belle promotion pr\u00e9vue dans le Nouvelliste, sur le site de Valais Wallis Promotion et sur le site de la Semaine du Go\u00fbt.<\/td><\/tr><\/tbody><\/table><\/figure>\n\n\n\n<figure class=\"wp-block-table\"><table><tbody><tr><td class=\"has-text-align-center\" data-align=\"center\"><a href=\"https:\/\/gastrovalais.us10.list-manage.com\/track\/click?u=80462bc6cb4f9a85bc373d46d&amp;id=8502cc429f&amp;e=3602ff58ea\" target=\"_blank\" rel=\"noreferrer noopener\">Je m&rsquo;inscris ici<\/a> <a href=\"https:\/\/gastrovalais.us10.list-manage.com\/track\/click?u=80462bc6cb4f9a85bc373d46d&amp;id=6f865fc1a5&amp;e=3602ff58ea\" target=\"_blank\" rel=\"noreferrer noopener\"><\/a><\/td><\/tr><\/tbody><\/table><\/figure>\n\n\n\n<div class=\"wp-block-image\"><figure class=\"aligncenter size-large\"><a href=\"https:\/\/docs.google.com\/forms\/d\/e\/1FAIpQLSdqTdWurXXZvT1APOt_373Y_gmPnSNmr9VxyL5K0iCSC1uTzg\/viewform\"><img fetchpriority=\"high\" decoding=\"async\" width=\"1024\" height=\"687\" src=\"https:\/\/gastrovalais.ch\/wp-content\/uploads\/2022\/06\/VWP_GastroValais_Plat-de-chez-nous_Annonce-FR_170x144_CMYK_20220422-1-2-1024x687.jpg\" alt=\"\" class=\"wp-image-2751\" srcset=\"https:\/\/gastrovalais.ch\/wp-content\/uploads\/2022\/06\/VWP_GastroValais_Plat-de-chez-nous_Annonce-FR_170x144_CMYK_20220422-1-2-1024x687.jpg 1024w, https:\/\/gastrovalais.ch\/wp-content\/uploads\/2022\/06\/VWP_GastroValais_Plat-de-chez-nous_Annonce-FR_170x144_CMYK_20220422-1-2-300x201.jpg 300w, https:\/\/gastrovalais.ch\/wp-content\/uploads\/2022\/06\/VWP_GastroValais_Plat-de-chez-nous_Annonce-FR_170x144_CMYK_20220422-1-2-768x515.jpg 768w, https:\/\/gastrovalais.ch\/wp-content\/uploads\/2022\/06\/VWP_GastroValais_Plat-de-chez-nous_Annonce-FR_170x144_CMYK_20220422-1-2-1536x1030.jpg 1536w, https:\/\/gastrovalais.ch\/wp-content\/uploads\/2022\/06\/VWP_GastroValais_Plat-de-chez-nous_Annonce-FR_170x144_CMYK_20220422-1-2-16x12.jpg 16w, https:\/\/gastrovalais.ch\/wp-content\/uploads\/2022\/06\/VWP_GastroValais_Plat-de-chez-nous_Annonce-FR_170x144_CMYK_20220422-1-2.jpg 2008w\" sizes=\"(max-width: 1024px) 100vw, 1024px\" \/><\/a><\/figure><\/div>\n\n\n\n<hr class=\"wp-block-separator has-text-color has-background has-vivid-red-background-color has-vivid-red-color\"\/>\n\n\n\n<figure class=\"wp-block-table\"><table><tbody><tr><td class=\"has-text-align-center\" data-align=\"center\">Guten Tag an alle!<br><br>Wie jedes Jahr ist GastroValais Partner der Schweizer Geschmackswoche und schenkt Ihnen die Anmeldegeb\u00fchr.<br>Gehen Sie auf diesen <a href=\"https:\/\/gastrovalais.us10.list-manage.com\/track\/click?u=80462bc6cb4f9a85bc373d46d&amp;id=062b22bb36&amp;e=3602ff58ea\" target=\"_blank\" rel=\"noreferrer noopener\">Link <\/a>und melden Sie sich direkt f\u00fcr die Veranstaltung an, die Sie organisieren m\u00f6chten.<br><br>Sie k\u00f6nnen auch \u00fcbernehmen<br>das Plat de chez Nous<br>das im Januar von GastroValais vorgeschlagen wurde.<br>&nbsp;<a href=\"https:\/\/gastrovalais.us10.list-manage.com\/track\/click?u=80462bc6cb4f9a85bc373d46d&amp;id=ea8aa286cb&amp;e=3602ff58ea\" target=\"_blank\" rel=\"noreferrer noopener\"> Die Eglifilets in Weissweinsauce.<\/a><br><br>Garantiert durch eine sch\u00f6ne Promotion, die im Nouvelliste, auf der Website von Valais Wallis Promotion und auf der Website der <img decoding=\"async\" alt=\"Die Genusswoche\" class=\"\" src=\"https:\/\/www.gout.ch\/wp-content\/themes\/gout\/static\/images\/logo-gout-de.svg\"> &nbsp; geplant ist. &nbsp;<\/td><\/tr><\/tbody><\/table><\/figure>\n\n\n\n<figure class=\"wp-block-table\"><table><tbody><tr><td class=\"has-text-align-center\" data-align=\"center\"><a href=\"https:\/\/gastrovalais.us10.list-manage.com\/track\/click?u=80462bc6cb4f9a85bc373d46d&amp;id=ebbe8eaccf&amp;e=3602ff58ea\" target=\"_blank\" rel=\"noreferrer noopener\">Ich melde mich hier an<\/a><\/td><\/tr><\/tbody><\/table><\/figure>\n\n\n\n<div class=\"wp-block-image\"><figure class=\"aligncenter size-large\"><a href=\"https:\/\/docs.google.com\/forms\/d\/e\/1FAIpQLSdqTdWurXXZvT1APOt_373Y_gmPnSNmr9VxyL5K0iCSC1uTzg\/viewform\"><img decoding=\"async\" width=\"1024\" height=\"687\" src=\"https:\/\/gastrovalais.ch\/wp-content\/uploads\/2022\/06\/VWP_GastroValais_Plat-de-chez-nous_Annonce-DE_170x144_CMYK_20220422-11-1024x687.jpg\" alt=\"\" class=\"wp-image-2753\" srcset=\"https:\/\/gastrovalais.ch\/wp-content\/uploads\/2022\/06\/VWP_GastroValais_Plat-de-chez-nous_Annonce-DE_170x144_CMYK_20220422-11-1024x687.jpg 1024w, https:\/\/gastrovalais.ch\/wp-content\/uploads\/2022\/06\/VWP_GastroValais_Plat-de-chez-nous_Annonce-DE_170x144_CMYK_20220422-11-300x201.jpg 300w, https:\/\/gastrovalais.ch\/wp-content\/uploads\/2022\/06\/VWP_GastroValais_Plat-de-chez-nous_Annonce-DE_170x144_CMYK_20220422-11-768x515.jpg 768w, https:\/\/gastrovalais.ch\/wp-content\/uploads\/2022\/06\/VWP_GastroValais_Plat-de-chez-nous_Annonce-DE_170x144_CMYK_20220422-11-1536x1030.jpg 1536w, https:\/\/gastrovalais.ch\/wp-content\/uploads\/2022\/06\/VWP_GastroValais_Plat-de-chez-nous_Annonce-DE_170x144_CMYK_20220422-11-16x12.jpg 16w, https:\/\/gastrovalais.ch\/wp-content\/uploads\/2022\/06\/VWP_GastroValais_Plat-de-chez-nous_Annonce-DE_170x144_CMYK_20220422-11.jpg 2008w\" sizes=\"(max-width: 1024px) 100vw, 1024px\" \/><\/a><\/figure><\/div>","protected":false},"excerpt":{"rendered":"<p>Bonjour \u00e0 tous ! Comme chaque ann\u00e9e, GastroValais est partenaire de la Semaine suisse du Go\u00fbt et vous offre la finance d&rsquo;inscription.Rendez-vous sur ce lien et inscrivez-vous en direct pour l&rsquo;\u00e9v\u00e9nement que vous souhaitez mettre sur pied.&nbsp; Vous pouvez \u00e9galement reprendre le Plat de chez Nouspropos\u00e9 en janvier par GastroValais&nbsp;&nbsp;Les filets de perches au vin [&hellip;]<\/p>","protected":false},"author":1,"featured_media":2750,"comment_status":"open","ping_status":"open","sticky":false,"template":"","format":"standard","meta":{"_acf_changed":false,"footnotes":""},"categories":[32],"tags":[],"class_list":["post-2749","post","type-post","status-publish","format-standard","has-post-thumbnail","hentry","category-news"],"acf":[],"aioseo_notices":[],"_links":{"self":[{"href":"https:\/\/gastrovalais.ch\/de\/wp-json\/wp\/v2\/posts\/2749","targetHints":{"allow":["GET"]}}],"collection":[{"href":"https:\/\/gastrovalais.ch\/de\/wp-json\/wp\/v2\/posts"}],"about":[{"href":"https:\/\/gastrovalais.ch\/de\/wp-json\/wp\/v2\/types\/post"}],"author":[{"embeddable":true,"href":"https:\/\/gastrovalais.ch\/de\/wp-json\/wp\/v2\/users\/1"}],"replies":[{"embeddable":true,"href":"https:\/\/gastrovalais.ch\/de\/wp-json\/wp\/v2\/comments?post=2749"}],"version-history":[{"count":2,"href":"https:\/\/gastrovalais.ch\/de\/wp-json\/wp\/v2\/posts\/2749\/revisions"}],"predecessor-version":[{"id":2755,"href":"https:\/\/gastrovalais.ch\/de\/wp-json\/wp\/v2\/posts\/2749\/revisions\/2755"}],"wp:featuredmedia":[{"embeddable":true,"href":"https:\/\/gastrovalais.ch\/de\/wp-json\/wp\/v2\/media\/2750"}],"wp:attachment":[{"href":"https:\/\/gastrovalais.ch\/de\/wp-json\/wp\/v2\/media?parent=2749"}],"wp:term":[{"taxonomy":"category","embeddable":true,"href":"https:\/\/gastrovalais.ch\/de\/wp-json\/wp\/v2\/categories?post=2749"},{"taxonomy":"post_tag","embeddable":true,"href":"https:\/\/gastrovalais.ch\/de\/wp-json\/wp\/v2\/tags?post=2749"}],"curies":[{"name":"wp","href":"https:\/\/api.w.org\/{rel}","templated":true}]}}